{"id":1017,"date":"2013-07-27T13:19:46","date_gmt":"2013-07-27T12:19:46","guid":{"rendered":"http:\/\/www.pacer.de\/?p=1017"},"modified":"2013-07-27T13:19:46","modified_gmt":"2013-07-27T12:19:46","slug":"hitzewellen-gab-es-auch-schon-fruher","status":"publish","type":"post","link":"https:\/\/www.pacer.de\/?p=1017","title":{"rendered":"Hitzewellen gab es auch schon fr\u00fcher&#8230;"},"content":{"rendered":"<p>Dabei ist es sehr wichtig, dass man geeignete Ma\u00dfnahmen zur Abk\u00fchlung ergreift <img decoding=\"async\" class=\"wp-smiley\" style=\"cursor: pointer;\" title=\"8)\" src=\"https:\/\/www.pacer.de\/wp-content\/uploads\/old\/icon_cool.gif\" alt=\"8)\" \/><br \/>\n<img loading=\"lazy\" decoding=\"async\" class=\"bildschatten\" src=\"https:\/\/www.pacer.de\/wp-content\/uploads\/old\/1p3r.jpg\" alt=\"\" width=\"450\" height=\"826\" \/><\/p>\n<p>Das war im August 1975. Hier gibt es das Kalenderblatt dazu:<br \/>\n<a href=\"http:\/\/www.kalenderblatt.de\/index.php?what=thmanu&amp;lang=de&amp;manu_id=609&amp;sdt=20120810\">10.8.1975: Hitzewelle in ganz Europa<\/a><\/p>\n","protected":false},"excerpt":{"rendered":"Dabei ist es sehr wichtig, dass man geeignete Ma\u00dfnahmen zur Abk\u00fchlung ergreift Das [&hellip;]","protected":false},"author":3,"featured_media":0,"comment_status":"open","ping_status":"closed","sticky":false,"template":"","format":"standard","meta":{"footnotes":""},"categories":[23,24],"tags":[],"class_list":["post-1017","post","type-post","status-publish","format-standard","hentry","category-bilder","category-der-alltagliche-wahnsinn","wp-image-borders"],"_links":{"self":[{"href":"https:\/\/www.pacer.de\/index.php?rest_route=\/wp\/v2\/posts\/1017","targetHints":{"allow":["GET"]}}],"collection":[{"href":"https:\/\/www.pacer.de\/index.php?rest_route=\/wp\/v2\/posts"}],"about":[{"href":"https:\/\/www.pacer.de\/index.php?rest_route=\/wp\/v2\/types\/post"}],"author":[{"embeddable":true,"href":"https:\/\/www.pacer.de\/index.php?rest_route=\/wp\/v2\/users\/3"}],"replies":[{"embeddable":true,"href":"https:\/\/www.pacer.de\/index.php?rest_route=%2Fwp%2Fv2%2Fcomments&post=1017"}],"version-history":[{"count":0,"href":"https:\/\/www.pacer.de\/index.php?rest_route=\/wp\/v2\/posts\/1017\/revisions"}],"wp:attachment":[{"href":"https:\/\/www.pacer.de\/index.php?rest_route=%2Fwp%2Fv2%2Fmedia&parent=1017"}],"wp:term":[{"taxonomy":"category","embeddable":true,"href":"https:\/\/www.pacer.de\/index.php?rest_route=%2Fwp%2Fv2%2Fcategories&post=1017"},{"taxonomy":"post_tag","embeddable":true,"href":"https:\/\/www.pacer.de\/index.php?rest_route=%2Fwp%2Fv2%2Ftags&post=1017"}],"curies":[{"name":"wp","href":"https:\/\/api.w.org\/{rel}","templated":true}]}}