{"id":314,"date":"2009-09-05T18:26:11","date_gmt":"2009-09-05T17:26:11","guid":{"rendered":"http:\/\/www.pacer.de\/?p=314"},"modified":"2009-09-05T18:26:11","modified_gmt":"2009-09-05T17:26:11","slug":"open-campus-geisenheim-56-september-2009","status":"publish","type":"post","link":"https:\/\/www.pacer.de\/?p=314","title":{"rendered":"Open Campus Geisenheim 5.\/6. September 2009 &#8211; Teil 1"},"content":{"rendered":"<p>Die Lehr- und Forschungsanstalt dieses Wochenende wieder Tag der offenen T\u00fcr. Oder wie es jetzt heisst: <a href=\"http:\/\/campusopen.wordpress.com\/\" target=\"_blank\">Open Campus<\/a>.<\/p>\n<p>Die Blaskapelle spielte etwas laut, aber Spie\u00dfbraten und Monrepos-Wein waren lecker. Essen und trinken kann man auf jedem Fest, aber hier hat man die M\u00f6glichkeit sich \u00fcber Nutz- und Zierpflanzenforschung und vielerlei anderer Dinge zu informieren und sogar Vorlesungen zu besuchen (sie <a href=\"http:\/\/forschungsanstalt.campus-geisenheim.de\/fileadmin\/Forschungsanstalt\/Allgemein\/Direktion\/Programm_Tag_offene_Tuer09_netz.pdf\" target=\"_blank\">Programm<\/a>).<\/p>\n<p>In der Bibliothek haben wir den Vortrag eines Heimatforschers (teilweise in Rheingauer Mundart) geh\u00f6rt. Sein Thema war  die Entwicklung des Weinbaus (und der Weinsorten) im Rheingau und die Rheingauer K\u00fcche. Wer sich f\u00fcr so etwas interessiert, der kann <a href=\"http:\/\/www.caesar-michel.de\/mosaik\/mosaik.html\" target=\"_blank\">hier<\/a> weitere Termine f\u00fcr seine Rheingauer Trink- &amp; Essgeschichten erfahren.<\/p>\n<p>Schicke Trekker:<br \/>\n<img decoding=\"async\" src=\"https:\/\/www.pacer.de\/wp-content\/uploads\/old\/r0013906s.jpg\" class=\"bildschatten\" \/><\/p>\n<p>Leuchtende Paprika:<br \/>\n<img decoding=\"async\" src=\"https:\/\/www.pacer.de\/wp-content\/uploads\/old\/r0013909s.jpg\" class=\"bildschatten\" \/><\/p>\n<p>UFO-Paprika:<br \/>\n<img decoding=\"async\" src=\"https:\/\/www.pacer.de\/wp-content\/uploads\/old\/r0013912s.jpg\" class=\"bildschatten\" \/><\/p>\n<p>In die H\u00f6he gezogene Gurken:<br \/>\n<img decoding=\"async\" src=\"https:\/\/www.pacer.de\/wp-content\/uploads\/old\/r0013917s.jpg\" class=\"bildschatten\" \/><\/p>\n<p>Kleine K\u00fcrbis-Auswahl (dort werden \u00fcber 70 Sorten kultiviert):<br \/>\n<img decoding=\"async\" src=\"https:\/\/www.pacer.de\/wp-content\/uploads\/old\/r0013921s.jpg\" class=\"bildschatten\" \/><\/p>\n","protected":false},"excerpt":{"rendered":"Die Lehr- und Forschungsanstalt dieses Wochenende wieder Tag der offenen T\u00fcr. Oder wie [&hellip;]","protected":false},"author":3,"featured_media":0,"comment_status":"open","ping_status":"closed","sticky":false,"template":"","format":"standard","meta":{"footnotes":""},"categories":[23],"tags":[],"class_list":["post-314","post","type-post","status-publish","format-standard","hentry","category-bilder","wp-image-borders"],"_links":{"self":[{"href":"https:\/\/www.pacer.de\/index.php?rest_route=\/wp\/v2\/posts\/314","targetHints":{"allow":["GET"]}}],"collection":[{"href":"https:\/\/www.pacer.de\/index.php?rest_route=\/wp\/v2\/posts"}],"about":[{"href":"https:\/\/www.pacer.de\/index.php?rest_route=\/wp\/v2\/types\/post"}],"author":[{"embeddable":true,"href":"https:\/\/www.pacer.de\/index.php?rest_route=\/wp\/v2\/users\/3"}],"replies":[{"embeddable":true,"href":"https:\/\/www.pacer.de\/index.php?rest_route=%2Fwp%2Fv2%2Fcomments&post=314"}],"version-history":[{"count":0,"href":"https:\/\/www.pacer.de\/index.php?rest_route=\/wp\/v2\/posts\/314\/revisions"}],"wp:attachment":[{"href":"https:\/\/www.pacer.de\/index.php?rest_route=%2Fwp%2Fv2%2Fmedia&parent=314"}],"wp:term":[{"taxonomy":"category","embeddable":true,"href":"https:\/\/www.pacer.de\/index.php?rest_route=%2Fwp%2Fv2%2Fcategories&post=314"},{"taxonomy":"post_tag","embeddable":true,"href":"https:\/\/www.pacer.de\/index.php?rest_route=%2Fwp%2Fv2%2Ftags&post=314"}],"curies":[{"name":"wp","href":"https:\/\/api.w.org\/{rel}","templated":true}]}}